{"id":1212,"date":"2020-10-26T17:10:01","date_gmt":"2020-10-26T16:10:01","guid":{"rendered":"https:\/\/mvh-h.de\/?p=1212"},"modified":"2020-10-26T17:17:32","modified_gmt":"2020-10-26T16:17:32","slug":"heilige-messe","status":"publish","type":"post","link":"https:\/\/mv-hoerdt.de\/?p=1212","title":{"rendered":"Heilige Messe"},"content":{"rendered":"\n<p>Aufgrund der aktuell steigenden COVID-19 Infektionszahlen im Kreis Germersheim, haben wir uns dazu entschieden die geplante Video-Aufnahme des Kirchenkonzertes nicht durchzuf\u00fchren. Wir hoffen dies zu gegebener Zeit nachholen zu k\u00f6nnen und werden dann hier\u00fcber informieren. Die Heilige Messe wird wie vorgesehen am Samstag, dem 31.10.2020 in der Katholischen Pfarrkirche in H\u00f6rdt stattfinden. Der Gottesdienst zu Ehren aller verstorbenen und lebenden Mitglieder des Musikvereins &#8222;Harmonie&#8220; H\u00f6rdt beginnt um 18:00 Uhr. Wir werden Sie vor der Messe, ab 17:40 Uhr, mit Tonaufnahmen unseres Orchesters musikalisch einstimmen. F\u00fcr die Teilnahme an der Messe und der Einstimmung dazu empfehlen wir dringend Ihre Anmeldung per E-Mail \u00fcber <a href=\"mailto:pfarramt.ruelzheim@bistum-speyer.de\">pfarramt.ruelzheim@bistum-speyer.de<\/a> oder telefonisch unter 07272-919527 vorzunehmen. Die Vorf\u00fchrung des Kirchenkonzertes, die f\u00fcr Sonntag, den 01.11.2020 vorgesehen war, muss leider entfallen. Wir hoffen trotz der aktuellen Situation auf Ihren Besuch beim Gottesdienst! Bleiben Sie gesund!<\/p>\n","protected":false},"excerpt":{"rendered":"<p>Aufgrund der aktuell steigenden COVID-19 Infektionszahlen im Kreis Germersheim, haben wir uns dazu entschieden die geplante Video-Aufnahme des Kirchenkonzertes nicht durchzuf\u00fchren. Wir hoffen dies zu gegebener Zeit nachholen zu k\u00f6nnen und werden dann hier\u00fcber informieren. Die Heilige Messe wird wie vorgesehen am Samstag, dem 31.10.2020 in der Katholischen Pfarrkirche in H\u00f6rdt stattfinden. Der Gottesdienst zu &hellip; <\/p>\n<p class=\"link-more\"><a href=\"https:\/\/mv-hoerdt.de\/?p=1212\" class=\"more-link\"><span class=\"screen-reader-text\">\u201eHeilige Messe\u201c <\/span>weiterlesen<\/a><\/p>\n","protected":false},"author":1,"featured_media":0,"comment_status":"closed","ping_status":"open","sticky":false,"template":"","format":"standard","meta":{"footnotes":""},"categories":[1],"tags":[],"class_list":["post-1212","post","type-post","status-publish","format-standard","hentry","category-uncategorized"],"_links":{"self":[{"href":"https:\/\/mv-hoerdt.de\/index.php?rest_route=\/wp\/v2\/posts\/1212","targetHints":{"allow":["GET"]}}],"collection":[{"href":"https:\/\/mv-hoerdt.de\/index.php?rest_route=\/wp\/v2\/posts"}],"about":[{"href":"https:\/\/mv-hoerdt.de\/index.php?rest_route=\/wp\/v2\/types\/post"}],"author":[{"embeddable":true,"href":"https:\/\/mv-hoerdt.de\/index.php?rest_route=\/wp\/v2\/users\/1"}],"replies":[{"embeddable":true,"href":"https:\/\/mv-hoerdt.de\/index.php?rest_route=%2Fwp%2Fv2%2Fcomments&post=1212"}],"version-history":[{"count":3,"href":"https:\/\/mv-hoerdt.de\/index.php?rest_route=\/wp\/v2\/posts\/1212\/revisions"}],"predecessor-version":[{"id":1215,"href":"https:\/\/mv-hoerdt.de\/index.php?rest_route=\/wp\/v2\/posts\/1212\/revisions\/1215"}],"wp:attachment":[{"href":"https:\/\/mv-hoerdt.de\/index.php?rest_route=%2Fwp%2Fv2%2Fmedia&parent=1212"}],"wp:term":[{"taxonomy":"category","embeddable":true,"href":"https:\/\/mv-hoerdt.de\/index.php?rest_route=%2Fwp%2Fv2%2Fcategories&post=1212"},{"taxonomy":"post_tag","embeddable":true,"href":"https:\/\/mv-hoerdt.de\/index.php?rest_route=%2Fwp%2Fv2%2Ftags&post=1212"}],"curies":[{"name":"wp","href":"https:\/\/api.w.org\/{rel}","templated":true}]}}