{"id":1880,"date":"2024-04-27T16:00:46","date_gmt":"2024-04-27T14:00:46","guid":{"rendered":"https:\/\/mv-hoerdt.de\/?p=1880"},"modified":"2024-05-01T14:01:10","modified_gmt":"2024-05-01T12:01:10","slug":"vorbereitungen-fuer-muttertagskonzert-laufen-auf-hochtouren","status":"publish","type":"post","link":"https:\/\/mv-hoerdt.de\/?p=1880","title":{"rendered":"Vorbereitungen f\u00fcr Muttertagskonzert laufen auf Hochtouren"},"content":{"rendered":"\n<p>Wie unserer Ank\u00fcndigung letzte Woche schon zu entnehmen war spielt der Komponist Johan den Meij, bzw. dessen Kompositionen und Arrangements dieses Jahr eine Hauptrolle auf dem Muttertagskonzert. <\/p>\n\n\n\n<!--more-->\n\n\n\n<p>Neben 3 S\u00e4tzen aus der Sinfonie Nr. 1 von \u201eLord of the rings\u201c und \u201eSongs from the Catskills\u201c wird das Arrangement aus \u201eThe Phantom of the Opera\u201c von Johann de Meij ein weiteres Highlight dieses Abends sein. Die Musik stammt urspr\u00fcnglich aus der Feder von Andrew Lloyd Webber. Johann de Meij hat die Melodien des weltbekannten Musicals, das 1986 in London uraufgef\u00fchrt wurde, zu einem fulminanten Medley arrangiert. Die Musicalfassung von Andrew Lloyd Webber ist die international bekannteste und erfolgreichste B\u00fchnenbearbeitung der Phantom-Geschichte. Sie wurde am Broadway mit sieben Tony Awards ausgezeichnet, der wichtigsten amerikanischen Auszeichnung f\u00fcr Theaterauff\u00fchrungen. \u201eThe Phantom of the Opera\u201c l\u00e4uft seit \u00fcber 35 Jahren \u00e4u\u00dferst erfolgreich in denselben Theatern in London und am Broadway.<\/p>\n\n\n\n<p>Mit \u201eThe Witch and the Saint&nbsp;(zu deutsch: Die Hexe und die Heilige) von&nbsp;<a href=\"https:\/\/de.wikipedia.org\/wiki\/Steven_Reineke\" target=\"_blank\" rel=\"noreferrer noopener\">Steven Reineke<\/a>&nbsp;wird ein weiteres mystisches und faszinierendes Musikst\u00fcck f\u00fcr&nbsp;<a href=\"https:\/\/de.wikipedia.org\/wiki\/Sinfonisches_Blasorchester\" target=\"_blank\" rel=\"noreferrer noopener\">sinfonisches Blasorchester&nbsp;<\/a>zu h\u00f6ren sein. Das St\u00fcck war eine Auftragskomposition f\u00fcr das Jugendblasorchester&nbsp;<a href=\"https:\/\/de.wikipedia.org\/wiki\/Ellwangen_(Jagst)\" target=\"_blank\" rel=\"noreferrer noopener\">Ellwangen<\/a>&nbsp;und ein Geschenk zu dessen 50-j\u00e4hrigem Bestehen. Im Jahr 2004 f\u00fchrten sie es bei ihrem Jubil\u00e4umskonzert auf. Steven Reineke lie\u00df sich durch den historischen Roman \u201eDie Hexe und die Heilige\u201c von&nbsp;<a href=\"https:\/\/de.wikipedia.org\/wiki\/Ulrike_Schweikert\" target=\"_blank\" rel=\"noreferrer noopener\">Ulrike Schweikert<\/a>&nbsp;zu der Komposition inspirieren. Die Geschichte spielt vor den Hintergrund der&nbsp;<a href=\"https:\/\/de.wikipedia.org\/wiki\/Hexenprozesse_in_Ellwangen\" target=\"_blank\" rel=\"noreferrer noopener\">Hexenprozesse in Ellwangen<\/a>.&nbsp;<\/p>\n\n\n\n<p>Wir hoffen bei Ihnen das Interesse auf einen \u201ePhantastischen\u201c Konzertabend geweckt zu haben und w\u00fcrden uns freuen Sie als unsere G\u00e4ste begr\u00fc\u00dfen zu d\u00fcrfen. Das Konzert findet am 11.Mai um 19.30 Uhr in der in der Turn- und Festhalle in H\u00f6rdt statt. Die musikalische Leitung hat Matthias Wolf. Karten im VVK f\u00fcr die Veranstaltung erhalten Sie per E-Mail unter&nbsp;<a href=\"mailto:karten@mv-hoerdt.de\" target=\"_blank\" rel=\"noreferrer noopener\">karten@mv-hoerdt.de<\/a>&nbsp;oder bei allen aktiven Musikern. Der Eintrittspreis betr\u00e4gt 10\u20ac, erm\u00e4\u00dfigt f\u00fcr Sch\u00fcler 7\u20ac.<\/p>\n\n\n\n<figure class=\"wp-block-image size-large\"><img loading=\"lazy\" decoding=\"async\" width=\"1024\" height=\"535\" src=\"https:\/\/mv-hoerdt.de\/wp-content\/uploads\/2024\/04\/probe-1024x535.jpg\" alt=\"\" class=\"wp-image-1881\" srcset=\"https:\/\/mv-hoerdt.de\/wp-content\/uploads\/2024\/04\/probe-1024x535.jpg 1024w, https:\/\/mv-hoerdt.de\/wp-content\/uploads\/2024\/04\/probe-300x157.jpg 300w, https:\/\/mv-hoerdt.de\/wp-content\/uploads\/2024\/04\/probe-768x402.jpg 768w, https:\/\/mv-hoerdt.de\/wp-content\/uploads\/2024\/04\/probe-1536x803.jpg 1536w, https:\/\/mv-hoerdt.de\/wp-content\/uploads\/2024\/04\/probe.jpg 2008w\" sizes=\"auto, (max-width: 767px) 89vw, (max-width: 1000px) 54vw, (max-width: 1071px) 543px, 580px\" \/><\/figure>\n","protected":false},"excerpt":{"rendered":"<p>Wie unserer Ank\u00fcndigung letzte Woche schon zu entnehmen war spielt der Komponist Johan den Meij, bzw. dessen Kompositionen und Arrangements dieses Jahr eine Hauptrolle auf dem Muttertagskonzert.<\/p>\n","protected":false},"author":4,"featured_media":0,"comment_status":"closed","ping_status":"open","sticky":false,"template":"","format":"standard","meta":{"footnotes":""},"categories":[1],"tags":[],"class_list":["post-1880","post","type-post","status-publish","format-standard","hentry","category-uncategorized"],"_links":{"self":[{"href":"https:\/\/mv-hoerdt.de\/index.php?rest_route=\/wp\/v2\/posts\/1880","targetHints":{"allow":["GET"]}}],"collection":[{"href":"https:\/\/mv-hoerdt.de\/index.php?rest_route=\/wp\/v2\/posts"}],"about":[{"href":"https:\/\/mv-hoerdt.de\/index.php?rest_route=\/wp\/v2\/types\/post"}],"author":[{"embeddable":true,"href":"https:\/\/mv-hoerdt.de\/index.php?rest_route=\/wp\/v2\/users\/4"}],"replies":[{"embeddable":true,"href":"https:\/\/mv-hoerdt.de\/index.php?rest_route=%2Fwp%2Fv2%2Fcomments&post=1880"}],"version-history":[{"count":2,"href":"https:\/\/mv-hoerdt.de\/index.php?rest_route=\/wp\/v2\/posts\/1880\/revisions"}],"predecessor-version":[{"id":1890,"href":"https:\/\/mv-hoerdt.de\/index.php?rest_route=\/wp\/v2\/posts\/1880\/revisions\/1890"}],"wp:attachment":[{"href":"https:\/\/mv-hoerdt.de\/index.php?rest_route=%2Fwp%2Fv2%2Fmedia&parent=1880"}],"wp:term":[{"taxonomy":"category","embeddable":true,"href":"https:\/\/mv-hoerdt.de\/index.php?rest_route=%2Fwp%2Fv2%2Fcategories&post=1880"},{"taxonomy":"post_tag","embeddable":true,"href":"https:\/\/mv-hoerdt.de\/index.php?rest_route=%2Fwp%2Fv2%2Ftags&post=1880"}],"curies":[{"name":"wp","href":"https:\/\/api.w.org\/{rel}","templated":true}]}}