{"id":2176,"date":"2026-09-02T21:16:34","date_gmt":"2026-09-02T19:16:34","guid":{"rendered":"https:\/\/mv-hoerdt.de\/?p=2176"},"modified":"2026-09-02T21:23:29","modified_gmt":"2026-09-02T19:23:29","slug":"40-oktoberfest-mit-den-paelzer-polkabuwe","status":"publish","type":"post","link":"https:\/\/mv-hoerdt.de\/?p=2176","title":{"rendered":"40. Oktoberfest mit den P\u00e4lzer Polkabuwe"},"content":{"rendered":"\n<p class=\"has-text-align-left\">Der Musikverein \u201eHarmonie\u201c H\u00f6rdt freut sich, Sie zu seinem 40. Oktoberfest in die Turn- und Festhalle H\u00f6rdt einladen zu d\u00fcrfen. Am Samstag, den 26. September, erwartet die Besucherinnen und Besucher ein stimmungsvoller Jubil\u00e4umsabend voller Musik, Geselligkeit und kulinarischer Gen\u00fcsse.<br>Die festlich geschm\u00fcckte Halle \u00f6ffnet ihre T\u00fcren bereits um 18:30 Uhr. Mit dem traditionellen Fassanstich um 19:30 Uhr wird das Jubil\u00e4ums-Oktoberfest offiziell er\u00f6ffnet. Bereits ab 19:00 Uhr sorgt das Orchester des Musikvereins mit z\u00fcnftiger Blasmusik f\u00fcr beste Unterhaltung. Auch f\u00fcr das leibliche Wohl ist bestens gesorgt: Freuen Sie sich auf bayerische Spezialit\u00e4ten wie Grillhaxen, Fleischk\u00e4se, Wei\u00dfw\u00fcrste und Obazda mit passenden Beilagen.<\/p>\n\n\n<div class=\"wp-block-image\">\n<figure class=\"aligncenter size-full\"><img loading=\"lazy\" decoding=\"async\" width=\"534\" height=\"746\" src=\"https:\/\/mv-hoerdt.de\/wp-content\/uploads\/2026\/09\/2026_Oktoberfest_Plakat-1.png\" alt=\"\" class=\"wp-image-2178\" srcset=\"https:\/\/mv-hoerdt.de\/wp-content\/uploads\/2026\/09\/2026_Oktoberfest_Plakat-1.png 534w, https:\/\/mv-hoerdt.de\/wp-content\/uploads\/2026\/09\/2026_Oktoberfest_Plakat-1-215x300.png 215w\" sizes=\"auto, (max-width: 534px) 100vw, 534px\" \/><\/figure>\n<\/div>\n\n\n<p class=\"has-text-align-left\">Ein besonderes musikalisches Highlight erwartet die G\u00e4ste ab 21:00 Uhr. Anl\u00e4sslich des 40-j\u00e4hrigen Jubil\u00e4ums treten die weit \u00fcber die Pfalz hinaus bekannten P\u00e4lzer Polkabuwe auf. Seit 2009 begeistern die Vollblutmusiker ihr Publikum auf Festen und Veranstaltungen mit einer gelungenen Mischung aus b\u00f6hmisch-m\u00e4hrischer Blasmusik, modernen Partyhits und einer gro\u00dfen Portion Pf\u00e4lzer Lebensfreude. Mit Witz, musikalischer Qualit\u00e4t und viel Herzblut verbinden sie traditionelle Kl\u00e4nge mit zeitgem\u00e4\u00dfer Unterhaltung und stehen damit f\u00fcr \u201eBlasmusik vom Feinsten\u201c.<br>Ein weiterer H\u00f6hepunkt des Abends ist die beliebte Hitparade. Mit Stimmzetteln, die f\u00fcr 1 Euro erh\u00e4ltlich sind, k\u00f6nnen die G\u00e4ste nicht nur ihren Favoriten w\u00e4hlen, sondern gleichzeitig an der Verlosung am Ende des Abends teilnehmen. Als Gewinne warten attraktive Geschenkk\u00f6rbe mit zahlreichen Leckereien auf die gl\u00fccklichen Gewinnerinnen und Gewinner.<br>Verbringen Sie gemeinsam mit dem Musikverein \u201eHarmonie\u201c H\u00f6rdt und den P\u00e4lzer Polkabuwe einen unvergesslichen Jubil\u00e4umsabend in geselliger Oktoberfestatmosph\u00e4re. Der Verein freut sich auf zahlreiche Besucherinnen und Besucher und hei\u00dft alle G\u00e4ste herzlich willkommen.<\/p>\n","protected":false},"excerpt":{"rendered":"<p>Der Musikverein \u201eHarmonie\u201c H\u00f6rdt freut sich, Sie zu seinem 40. Oktoberfest in die Turn- und Festhalle H\u00f6rdt einladen zu d\u00fcrfen. Am Samstag, den 26. September, erwartet die Besucherinnen und Besucher ein stimmungsvoller Jubil\u00e4umsabend voller Musik, Geselligkeit und kulinarischer Gen\u00fcsse.Die festlich geschm\u00fcckte Halle \u00f6ffnet ihre T\u00fcren bereits um 18:30 Uhr. Mit dem traditionellen Fassanstich um 19:30 &hellip; <\/p>\n<p class=\"link-more\"><a href=\"https:\/\/mv-hoerdt.de\/?p=2176\" class=\"more-link\"><span class=\"screen-reader-text\">\u201e40. Oktoberfest mit den P\u00e4lzer Polkabuwe\u201c <\/span>weiterlesen<\/a><\/p>\n","protected":false},"author":3,"featured_media":0,"comment_status":"closed","ping_status":"open","sticky":false,"template":"","format":"standard","meta":{"footnotes":""},"categories":[1],"tags":[],"class_list":["post-2176","post","type-post","status-publish","format-standard","hentry","category-uncategorized"],"_links":{"self":[{"href":"https:\/\/mv-hoerdt.de\/index.php?rest_route=\/wp\/v2\/posts\/2176","targetHints":{"allow":["GET"]}}],"collection":[{"href":"https:\/\/mv-hoerdt.de\/index.php?rest_route=\/wp\/v2\/posts"}],"about":[{"href":"https:\/\/mv-hoerdt.de\/index.php?rest_route=\/wp\/v2\/types\/post"}],"author":[{"embeddable":true,"href":"https:\/\/mv-hoerdt.de\/index.php?rest_route=\/wp\/v2\/users\/3"}],"replies":[{"embeddable":true,"href":"https:\/\/mv-hoerdt.de\/index.php?rest_route=%2Fwp%2Fv2%2Fcomments&post=2176"}],"version-history":[{"count":6,"href":"https:\/\/mv-hoerdt.de\/index.php?rest_route=\/wp\/v2\/posts\/2176\/revisions"}],"predecessor-version":[{"id":2184,"href":"https:\/\/mv-hoerdt.de\/index.php?rest_route=\/wp\/v2\/posts\/2176\/revisions\/2184"}],"wp:attachment":[{"href":"https:\/\/mv-hoerdt.de\/index.php?rest_route=%2Fwp%2Fv2%2Fmedia&parent=2176"}],"wp:term":[{"taxonomy":"category","embeddable":true,"href":"https:\/\/mv-hoerdt.de\/index.php?rest_route=%2Fwp%2Fv2%2Fcategories&post=2176"},{"taxonomy":"post_tag","embeddable":true,"href":"https:\/\/mv-hoerdt.de\/index.php?rest_route=%2Fwp%2Fv2%2Ftags&post=2176"}],"curies":[{"name":"wp","href":"https:\/\/api.w.org\/{rel}","templated":true}]}}